{"id":83,"date":"2022-05-31T17:35:10","date_gmt":"2022-05-31T15:35:10","guid":{"rendered":"https:\/\/lesofer.fr\/?p=83"},"modified":"2023-08-22T14:27:00","modified_gmt":"2023-08-22T12:27:00","slug":"questions-pratiques-les-tefilines","status":"publish","type":"post","link":"https:\/\/lesofer.fr\/index.php\/2022\/05\/31\/questions-pratiques-les-tefilines\/","title":{"rendered":"LES TEFILINES : QUESTIONS PRATIQUES"},"content":{"rendered":"\n<p>Recueil de lois concernant diverses questions de Halacha sur les Tefilines selon Maran Rav Ovadia Yossef Zal <\/p>\n\n\n\n<figure class=\"wp-block-image size-full\"><img data-recalc-dims=\"1\" loading=\"lazy\" decoding=\"async\" width=\"600\" height=\"333\" src=\"https:\/\/i0.wp.com\/lesofer.fr\/wp-content\/uploads\/2022\/05\/tefillin_PNG1.png?resize=600%2C333&#038;ssl=1\" alt=\"\" class=\"wp-image-91\" srcset=\"https:\/\/i0.wp.com\/lesofer.fr\/wp-content\/uploads\/2022\/05\/tefillin_PNG1.png?w=600&amp;ssl=1 600w, https:\/\/i0.wp.com\/lesofer.fr\/wp-content\/uploads\/2022\/05\/tefillin_PNG1.png?resize=300%2C167&amp;ssl=1 300w, https:\/\/i0.wp.com\/lesofer.fr\/wp-content\/uploads\/2022\/05\/tefillin_PNG1.png?resize=360%2C200&amp;ssl=1 360w\" sizes=\"auto, (max-width: 600px) 100vw, 600px\" \/><\/figure>\n\n\n\n<figure class=\"wp-block-table\"><table><tbody><tr><td><mark style=\"background-color:rgba(0, 0, 0, 0)\" class=\"has-inline-color has-cyan-bluish-gray-color\"><strong>L\u2019objectif ici pr\u00e9sent est de mettre par \u00e9crit sous la forme la plus simple, une s\u00e9rie d\u2019informations et de lois qui nous paraissent apporter des r\u00e9ponses aux questions les plus courantes.<br>La majorit\u00e9 des lois rapport\u00e9es se base sur les d\u00e9cisions halakhiques de Rav Ovadia Yosef, r\u00e9dig\u00e9es par Rabbi Yitzhak Yosef, son fils.&nbsp;<a href=\"https:\/\/www.yalkut.info\/\">https:\/\/www.yalkut.info\/<\/a>&nbsp;Toutefois, nous avons \u00e9galement puis\u00e9 \u00e0 partir d\u2019autres sources, tels que le&nbsp;<em>Shoulhan Aroukh<\/em>, ses commentateurs etc\u2026<\/strong>&nbsp;<em>Yossef Attias &amp; Binyamin Lubetzki<\/em><\/mark><\/td><\/tr><\/tbody><\/table><\/figure>\n\n\n\n<h2 class=\"wp-block-heading\">Comment mettre les Tefilines&nbsp;?<\/h2>\n\n\n\n<h3 class=\"wp-block-heading\"><strong>Dans quel ordre faut-il mettre les Tefilines\u00a0?<\/strong><\/h3>\n\n\n\n<p>Les <a href=\"https:\/\/lesofer.fr\/index.php\/category\/tefilines\/\">Tefilines<\/a> (pluriel) sont compos\u00e9s de deux <em>tefila<\/em> (singulier).  La <em>tefila<\/em> du <em>yad<\/em> (main en h\u00e9breu) et la <em>tefila<\/em> du <em>roch<\/em> (t\u00eate en h\u00e9breu). Il faut commencer par mettre la <em>tefila<\/em> de la main puis celle de la t\u00eate.<\/p>\n\n\n\n<p>Toutefois, la coutume veut qu\u2019apr\u00e8s avoir attach\u00e9 la <em>tefila<\/em> du <em>yad<\/em> sur le bras et avoir entour\u00e9 la lani\u00e8re correspondante autour de l\u2019avant- bras, on met la <em>tefila<\/em> du  <em>ro<\/em>ch. Et enfin on enroule le reste de lani\u00e8re du <em>yad<\/em> autour de la main (25,46-76).<\/p>\n\n\n\n<h3 class=\"wp-block-heading\"><strong>Sur quel bras faut-il mettre les Tefilines\u00a0?<\/strong><\/h3>\n\n\n\n<p>Les <a href=\"https:\/\/lesofer.fr\/index.php\/category\/tefilines\/\">Tefilines<\/a> sont \u00e0 attacher sur le bras le plus faible. C&rsquo;est \u00e0 dire le bras gauche pour un droitier et inversement (27,17).<\/p>\n\n\n\n<figure class=\"wp-block-image size-full is-resized\"><img data-recalc-dims=\"1\" loading=\"lazy\" decoding=\"async\" src=\"https:\/\/i0.wp.com\/lesofer.fr\/wp-content\/uploads\/2022\/05\/2hafww5.jpg?resize=403%2C269&#038;ssl=1\" alt=\"\" class=\"wp-image-103\" width=\"403\" height=\"269\" srcset=\"https:\/\/i0.wp.com\/lesofer.fr\/wp-content\/uploads\/2022\/05\/2hafww5.jpg?w=450&amp;ssl=1 450w, https:\/\/i0.wp.com\/lesofer.fr\/wp-content\/uploads\/2022\/05\/2hafww5.jpg?resize=300%2C200&amp;ssl=1 300w\" sizes=\"auto, (max-width: 403px) 100vw, 403px\" \/><\/figure>\n\n\n\n<h3 class=\"wp-block-heading\"><strong>Sur quel bras un ambidextre doit-il attacher ses Tefilines\u00a0?<\/strong><\/h3>\n\n\n\n<ul class=\"wp-block-list\">\n<li>Un ambidextre devra attacher ses Tefilines sur son bras gauche.<\/li>\n\n\n\n<li>S\u2019il \u00e9crit d\u2019une main et fait le reste de l\u2019autre, ce sera la main qui \u00e9crit qui d\u00e9terminera son statut de droitier ou gaucher. Et il les attachera alors \u00e0 son autre main. Toutefois, \u00e9tant donn\u00e9 que certains d\u00e9cisionnaires pensent que c\u2019est la main dominante (et non celle qui \u00e9crit seulement) qui devrait d\u00e9terminer, il est mieux de les attacher deux fois, sur les deux mains. Mais bien s\u00fbr cela n\u2019est pas obligatoire (27, 18-19 et Choulhan Aroukh 27, 6).<\/li>\n<\/ul>\n\n\n\n<h3 class=\"wp-block-heading\"><strong>Quelle(s) b\u00e9n\u00e9diction(s), faut-il r\u00e9citer sur la mise des t\u00e9filines ?<\/strong><\/h3>\n\n\n\n<p>Chaque T\u00e9filine repr\u00e9sente un commandement en tant que tel. Malgr\u00e9 tout, les s\u00e9farades ne r\u00e9citent qu\u2019une seule b\u00e9n\u00e9diction pour les deux <a href=\"https:\/\/lesofer.fr\/index.php\/category\/tefilines\/\">Tefilines<\/a> \u00e0 la fois. Alors que les ashk\u00e9nazes en r\u00e9citent deux diff\u00e9rentes, une b\u00e9n\u00e9diction pour chacune d\u2019entre elles (25,54).<\/p>\n\n\n\n<p>La premi\u00e8re (et unique pour les s\u00e9farades)&nbsp;:<\/p>\n\n\n\n<p>-En h\u00e9breu&nbsp;: \u05d1\u05b8\u05bc\u05e8\u05d5\u05bc\u05da\u05b0 \u05d0\u05b7\u05ea\u05b8\u05bc\u05d4 \u05d9\u05d9, \u05d0\u05b1\u05be\u05dc\u05b9\u05d4\u05b5\u05d9\u05e0\u05d5\u05bc \u05de\u05b6\u05dc\u05b6\u05da\u05b0 \u05d4\u05b8\u05e2\u05d5\u05b9\u05dc\u05b8\u05dd, \u05d0\u05b2\u05e9\u05b6\u05c1\u05e8 \u05e7\u05b4\u05d3\u05b0\u05bc\u05e9\u05b8\u05c1\u05e0\u05d5\u05bc \u05d1\u05b0\u05bc\u05de\u05b4\u05e6\u05b0\u05d5\u05b9\u05ea\u05b8\u05d9\u05d5, \u05d5\u05b0\u05e6\u05b4\u05d5\u05b8\u05bc\u05e0\u05d5\u05bc \u05dc\u05b0\u05d4\u05b8\u05e0\u05b4\u05d9\u05d7\u05b7 \u05ea\u05b0\u05bc\u05e4\u05b4\u05dc\u05b4\u05bc\u05d9\u05df<\/p>\n\n\n\n<p>-En phon\u00e9tique&nbsp;: <em>Barouch atah Ado-nai, Elo-heinou melech ha\u2019olam,&nbsp;asher&nbsp;kideshanou bemitzvotav, v\u00e9tzivanou l\u00e9haniach Tefillin.<\/em><\/p>\n\n\n\n<p>La seconde (pour les ashk\u00e9nazes uniquement)&nbsp;:<\/p>\n\n\n\n<p>-En h\u00e9breu&nbsp;: \u05d1\u05b8\u05bc\u05e8\u05d5\u05bc\u05da\u05b0 \u05d0\u05b7\u05ea\u05b8\u05bc\u05d4 \u05d9\u05d9, \u05d0\u05b1\u05be\u05dc\u05b9\u05d4\u05b5\u05d9\u05e0\u05d5\u05bc \u05de\u05b6\u05dc\u05b6\u05da\u05b0 \u05d4\u05b8\u05e2\u05d5\u05b9\u05dc\u05b8\u05dd, \u05d0\u05b2\u05e9\u05b6\u05c1\u05e8 \u05e7\u05b4\u05d3\u05b0\u05bc\u05e9\u05b8\u05c1\u05e0\u05d5\u05bc \u05d1\u05b0\u05bc\u05de\u05b4\u05e6\u05b0\u05d5\u05b9\u05ea\u05b8\u05d9\u05d5, \u05d5\u05b0\u05e6\u05b4\u05d5\u05b8\u05bc\u05e0\u05d5\u05bc \u05e2\u05b7\u05dc \u05de\u05b4\u05e6\u05b0\u05d5\u05b7\u05ea \u05ea\u05b0\u05bc\u05e4\u05b4\u05dc\u05b4\u05bc\u05d9\u05df<\/p>\n\n\n\n<p>-En phon\u00e9tique&nbsp;: <em>Barouch atah Ado-nai, Elo-heinou melech ha\u2019olam,&nbsp;asher&nbsp;kideshanou b<\/em>e<em>mitzvotav, v\u00e9tzivanou al mitzvate Tefillin.<\/em><\/p>\n\n\n\n<h3 class=\"wp-block-heading\"><strong>A quel moment faut-il r\u00e9citer la b\u00e9n\u00e9diction&nbsp;?<\/strong><\/h3>\n\n\n\n<p>La b\u00e9n\u00e9diction se r\u00e9cite toujours avant d\u2019accomplir l\u2019action, mais sans laisser de trop long intervalle entre elle et l\u2019acte. C\u2019est pourquoi, on r\u00e9citera la b\u00e9n\u00e9diction au moment o\u00f9 les <a href=\"https:\/\/lesofer.fr\/index.php\/category\/tefilines\/\">Tefilines<\/a> seront positionn\u00e9es sur le biceps. Avant de les avoir fix\u00e9es et attach\u00e9es autour du bras.<\/p>\n\n\n\n<p>Pour les ashk\u00e9nazes qui r\u00e9citent une seconde b\u00e9n\u00e9diction au moment de mettre les Tefilines de la t\u00eate, ils devront la r\u00e9citer au moment o\u00f9 les <a href=\"https:\/\/lesofer.fr\/index.php\/category\/tefilines\/\">Tefilines<\/a> sont encore dans la main (et non quand elles sont encore dans la pochette) avant de les poser sur la t\u00eate. On r\u00e9cite alors la b\u00e9n\u00e9diction et enfin on vient les d\u00e9poser sur sa t\u00eate. (25, 52)<\/p>\n\n\n\n<h3 class=\"wp-block-heading\"><strong><strong>A quel endroit faut-il positionner les Tefilines autour du bras\u00a0?<\/strong><\/strong><\/h3>\n\n\n\n<ul class=\"wp-block-list\">\n<li>Les <a href=\"https:\/\/lesofer.fr\/index.php\/category\/tefilines\/\">Tefilines<\/a> doivent avant tout \u00eatre en contact direct avec la peau. Ensuite, il faut les positionner sur la partie inf\u00e9rieure du biceps, le bo\u00eetier orient\u00e9 l\u00e9g\u00e8rement vers le c\u0153ur. Un espace de deux doigts doit pouvoir s\u00e9parer le pli int\u00e9rieur du coude et le bo\u00eetier.<\/li>\n\n\n\n<li>Le n\u0153ud en forme de <em>youd<\/em> r\u00e9alis\u00e9 gr\u00e2ce \u00e0 la lani\u00e8re doit rester coll\u00e9 au boitier tout le temps de la mise des t\u00e9filines. C\u2019est pourquoi, certains d\u00e9cident m\u00eame de les attacher de fa\u00e7on permanente avec un fil. (27,1-8)<\/li>\n<\/ul>\n\n\n\n<h3 class=\"wp-block-heading\"><strong>A quel endroit faut-il positionner les Tefilines sur la t\u00eate\u00a0?<\/strong><\/h3>\n\n\n\n<ul class=\"wp-block-list\">\n<li>L\u00e0 aussi, les <a href=\"https:\/\/ejudaica.fr\/categorie\/tefilines\/\">Tefilin<\/a> doivent avant tout \u00eatre en contact direct avec les cheveux ou la t\u00eate. Ainsi, il faut les placer au-dessus du front \u00e0 l\u2019endroit o\u00f9 commence le cuir chevelu. Ils ne doivent en aucun cas d\u00e9passer cette limite et reposer sur le front. Ils doivent \u00eatre plac\u00e9es au centre, au-dessus du point qui se situe entre les deux yeux. <\/li>\n\n\n\n<li>Celui qui n\u2019a plus de cheveux devra alors \u00e9valuer l\u2019endroit o\u00f9 commence g\u00e9n\u00e9ralement \u00e0 pousser le cuir chevelu. Ou encore s\u2019il s\u2019en rappelle, l\u2019endroit o\u00f9 commen\u00e7aient \u00e0 pousser les siens.<\/li>\n\n\n\n<li>Le n\u0153ud en forme de <em>dalet<\/em> se passe derri\u00e8re la t\u00eate et devra se situer en majorit\u00e9 au-dessus du renfoncement qui relie le cr\u00e2ne et la nuque. Au minimum il faudra faire attention \u00e0 ce que l\u2019enti\u00e8ret\u00e9 du n\u0153ud repose \u00e0 l\u2019endroit o\u00f9 poussent les cheveux. Tout comme le bo\u00eetier lui-m\u00eame, le n\u0153ud du <em>dalet<\/em> est \u00e0 positionner au centre (27,2).<\/li>\n\n\n\n<li>Ainsi, attention aux n\u0153uds de <a href=\"https:\/\/lesofer.fr\/index.php\/category\/tefilines\/\">Tefilines<\/a> mal r\u00e9gl\u00e9s, celles-ci pourraient tomber sur le front ou la nuque.<\/li>\n<\/ul>\n\n\n\n<h3 class=\"wp-block-heading\"><strong>Combien de tours de lani\u00e8res faut-il enrouler sur le bras\u00a0?<\/strong><\/h3>\n\n\n\n<p>L\u2019habitude est de faire les tours dans le sens des aiguilles d\u2019une montre (vers l\u2019ext\u00e9rieur). Ainsi, Il est d\u2019usage d\u2019enrouler la lani\u00e8re des tephilines huit fois de mani\u00e8re \u00e0 obtenir sept tours complets autour du bras. Car en effet, le premier ne r\u00e9alise qu\u2019un demi-tour.<\/p>\n\n\n\n<p>Certains ashk\u00e9nazes enroulent la lani\u00e8re dans le sens inverse (vers l\u2019int\u00e9rieur), ils ne font alors que sept tours (25, 76-77).<\/p>\n\n\n\n<h3 class=\"wp-block-heading\"><strong>Comment faut-il enrouler la lani\u00e8re des Tefilines autour de la main et des doigts\u00a0?<\/strong><\/h3>\n\n\n\n<p>Apr\u00e8s avoir mis les secondes <a href=\"https:\/\/lesofer.fr\/index.php\/category\/tefilines\/\">Tefilines<\/a> sur la t\u00eate, on enroulera la lani\u00e8re des premi\u00e8res autour de la main. On la fera passer sur le dos de la main afin de faire trois tours autour du majeur. Une premi\u00e8re fois sur la seconde phalange (celle du milieu) puis deux autres fois sur la premi\u00e8re (celle d\u2019en dessous). Enfin on enroule le reste de la lani\u00e8re autour de la paume en passant par le dos de la main. (25, 79)<\/p>\n\n\n\n<h3 class=\"wp-block-heading\"><strong>De quelle taille doivent mesurer les lani\u00e8res des Tefilines\u00a0?<\/strong><\/h3>\n\n\n\n<ul class=\"wp-block-list\">\n<li>Celles de la main doivent pouvoir attacher les Tefiline sur le bras, enrouler les sept tours sur l\u2019avant-bras, puis s&rsquo;enrouler trois fois autour du majeur. Toutefois, le plus important reste l\u2019attache au niveau du bras puis les tours de la main.<\/li>\n<\/ul>\n\n\n\n<ul class=\"wp-block-list\">\n<li>Celles de la t\u00eate doivent passer au-devant du corps et arriver jusqu\u2019aux environs du nombril, ou un peu plus haut. (25, 77-79-83)<\/li>\n<\/ul>\n\n\n\n<h3 class=\"wp-block-heading\"><strong>Peut-on mettre les Tefilines quand on a un pl\u00e2tre ou un pansement au bras\u00a0?<\/strong><\/h3>\n\n\n\n<ul class=\"wp-block-list\">\n<li>Si le pl\u00e2tre ne recouvre que l\u2019avant-bras, on mettra les Tefilines normalement avec b\u00e9n\u00e9diction. Et on enroulera les lani\u00e8res sur le pl\u00e2tre.<\/li>\n\n\n\n<li>Si le pl\u00e2tre recouvre le biceps et qu\u2019il est impossible de le retirer, on pourra malgr\u00e9 tout attacher les <a href=\"https:\/\/lesofer.fr\/index.php\/category\/tefilines\/\">Tefilines<\/a>. Soit sur la partie sup\u00e9rieure du biceps si l\u2019espace le permet. Soit si aucun espace n\u2019est disponible, sur le pl\u00e2tre lui-m\u00eame \u00e0 l\u2019endroit habituel. Toutefois, dans ces deux cas, on ne r\u00e9citera pas la b\u00e9n\u00e9diction avant d\u2019attacher les Tefilines sur le bras. Mais c\u2019est au moment de mettre les <a href=\"https:\/\/ejudaica.fr\/categorie\/tefilines\/\">Tefillines<\/a> de la t\u00eate que l\u2019on r\u00e9citera la b\u00e9n\u00e9diction de \u00ab&nbsp;\u2018al mitzvat t\u00e9filines&nbsp;\u00bb. En pensant alors \u00e0 s\u2019acquitter en m\u00eame temps des premi\u00e8res. (27, 9-10)<\/li>\n<\/ul>\n\n\n\n<h3 class=\"wp-block-heading\"><strong>Faut-il enlever la montre quand on enroule les lani\u00e8res des Tefilines sur le bras (27,11)<\/strong><\/h3>\n\n\n\n<p>Si l\u2019espace de l\u2019avant-bras est suffisant pour enrouler sept tours avant d\u2019arriver \u00e0 la montre, alors on pourra le faire. Toutefois, celui qui pr\u00e9f\u00e8re malgr\u00e9 tout enlever sa montre est digne de louange.<\/p>\n\n\n\n<h2 class=\"wp-block-heading\">Concernant la v\u00e9rification des Tefilines : questions pratiques<\/h2>\n\n\n\n<figure class=\"wp-block-image size-full\"><img data-recalc-dims=\"1\" loading=\"lazy\" decoding=\"async\" width=\"600\" height=\"399\" src=\"https:\/\/i0.wp.com\/lesofer.fr\/wp-content\/uploads\/2022\/05\/depositphotos_89054600-stock-photo-tefillin-manufacturing-process-leather.webp?resize=600%2C399&#038;ssl=1\" alt=\"\" class=\"wp-image-98\" srcset=\"https:\/\/i0.wp.com\/lesofer.fr\/wp-content\/uploads\/2022\/05\/depositphotos_89054600-stock-photo-tefillin-manufacturing-process-leather.webp?w=600&amp;ssl=1 600w, https:\/\/i0.wp.com\/lesofer.fr\/wp-content\/uploads\/2022\/05\/depositphotos_89054600-stock-photo-tefillin-manufacturing-process-leather.webp?resize=300%2C200&amp;ssl=1 300w, https:\/\/i0.wp.com\/lesofer.fr\/wp-content\/uploads\/2022\/05\/depositphotos_89054600-stock-photo-tefillin-manufacturing-process-leather.webp?resize=301%2C200&amp;ssl=1 301w\" sizes=\"auto, (max-width: 600px) 100vw, 600px\" \/><\/figure>\n\n\n\n<h3 class=\"wp-block-heading\"><strong>Tous les combien de temps faut-il faire v\u00e9rifier ses T\u00e9filines&nbsp;? (25,14<\/strong>)<\/h3>\n\n\n\n<p>A partir du moment o\u00f9 un <em>Sofer<\/em> expert a jug\u00e9 les <a href=\"https:\/\/ejudaica.fr\/categorie\/tefilines\/\">Tefilines<\/a> comme cacher, il n\u2019est \u00e0 priori plus n\u00e9cessaire de les faire v\u00e9rifier. M\u00eame au bout de plusieurs ann\u00e9es. Toutefois, dans deux cas la v\u00e9rification est n\u00e9cessaire\u00a0:<\/p>\n\n\n\n<ul class=\"wp-block-list\">\n<li>Si celles-ci n\u2019ont pas \u00e9t\u00e9 utilis\u00e9es pendant longtemps. Dans ce cas, elles n\u00e9cessitent une v\u00e9rification au bout de trois ans et demi (comme pour la mezouza).<\/li>\n\n\n\n<li>S\u2019il est survenu un \u00e9v\u00e8nement qui remet en doute leur pr\u00e9somption premi\u00e8re. Souvent il s\u2019agira d\u2019une alt\u00e9ration \u00e0 cause de l\u2019humidit\u00e9. Ou directement par l\u2019action d\u2019un liquide. Ou bien encore \u00e0 cause de la chaleur (par exemple par une exposition prolong\u00e9e au soleil)<\/li>\n<\/ul>\n\n\n\n<h3 class=\"wp-block-heading\"><strong>Quels sont les diff\u00e9rents types de probl\u00e8mes qui peuvent parfois n\u00e9cessiter une v\u00e9rification, voir une correction des Tefilines<\/strong><strong>&nbsp;<\/strong><strong>?<\/strong><\/h3>\n\n\n\n<p>Les probl\u00e8mes li\u00e9s aux <a href=\"https:\/\/lesofer.fr\/index.php\/category\/tefilines\/\">Tefilines<\/a> peuvent \u00eatre de diff\u00e9rents ordres&nbsp;:<\/p>\n\n\n\n<p>-Probl\u00e8mes li\u00e9s aux bo\u00eetiers (perdus de leur noirceur, ne forment plus un carr\u00e9\u2026)<\/p>\n\n\n\n<p>-Probl\u00e8mes li\u00e9s aux parchemins (parchemin ab\u00eem\u00e9, lettre effac\u00e9e ou qui a saut\u00e9e\u2026)<\/p>\n\n\n\n<p>-Probl\u00e8mes li\u00e9s aux lani\u00e8res (perdu de leur noirceur, ab\u00eem\u00e9es ou coup\u00e9es]<\/p>\n\n\n\n<h3 class=\"wp-block-heading\"><strong>Lani\u00e8res qui se d\u00e9colorent, la peinture se fissure<\/strong><\/h3>\n\n\n\n<p>Les lani\u00e8res des <a href=\"https:\/\/lesofer.fr\/index.php\/category\/tefilines\/\">Tefilines<\/a> doivent obligatoirement \u00eatre teintes de couleur noire, et le rester ainsi. Si celles-ci se d\u00e9colorent et que la peinture se d\u00e9tache (se craquelle), il faudra remettre de la peinture.<\/p>\n\n\n\n<p>De pr\u00e9f\u00e9rence, cela peut se faire avec des marqueurs fabriqu\u00e9s sp\u00e9cifiquement pour les t\u00e9filines. Sinon, il sera possible d\u2019utiliser n\u2019importe quel marqueur (ou autre) achet\u00e9. Toutefois, il est pr\u00e9f\u00e9rable d\u2019\u00e9viter que l\u2019encre ne provienne d\u2019un animal interdit \u00e0 la consommation, (32\/33, 2 \u2013 <em>Shoulhan aroukh<\/em> 33,3)<\/p>\n\n\n\n<h3 class=\"wp-block-heading\"><strong>La peinture des T\u00e9filines se d\u00e9tache<\/strong><\/h3>\n\n\n\n<p>Les <a href=\"https:\/\/ejudaica.fr\/categorie\/tefilines\/\">Tefilines<\/a> sont peintes en noir. Alors que selon certains ce crit\u00e8re est r\u00e9dhibitoire (halakha l\u00e9moch\u00e9 missinai), le Shoulkan aroukh consid\u00e8re que cela n&rsquo;invalide pas les Tefilines. Toutefois, dans la mesure du possible il faudra tenter de les corriger selon les m\u00eames crit\u00e8res que ceux recommand\u00e9s pour les lani\u00e8res.\u00a0(<em>Shoulhan aroukh<\/em> 32, 40)<\/p>\n\n\n\n<h3 class=\"wp-block-heading\"><strong>Tefilines qui ne sont plus carr\u00e9es \u2026<\/strong><\/h3>\n\n\n\n<p>Les Tefilines doivent \u00eatre de forme carr\u00e9e d\u00e9tenant ainsi un angle droit \u00e0 chacun de leurs c\u00f4t\u00e9s. Ainsi, si l\u2019un des coins a re\u00e7u un coup ou s\u2019est ab\u00eem\u00e9 au fil du temps, cela peut parfois poser un probl\u00e8me :<\/p>\n\n\n\n<p>-Si les <a href=\"https:\/\/ejudaica.fr\/categorie\/tefilines\/\">Tefilines<\/a> ont perdu leur forme carr\u00e9e et le coin s\u2019est r\u00e9ellement arrondi, une r\u00e9paration est obligatoire. Entre temps, il sera interdit de les mettre et de r\u00e9citer la b\u00e9n\u00e9diction dessus.<\/p>\n\n\n\n<p>-Si le coin a simplement perdu son piquant mais que le carr\u00e9 est toujours reconnaissable. Certes il faudrait les r\u00e9parer malgr\u00e9 tout. Mais il est autoris\u00e9 entre temps\u00a0de les utiliser et de r\u00e9citer la b\u00e9n\u00e9diction dessus (32\/33, 5)<\/p>\n\n\n\n<figure class=\"wp-block-image size-full\"><img data-recalc-dims=\"1\" loading=\"lazy\" decoding=\"async\" width=\"507\" height=\"516\" src=\"https:\/\/i0.wp.com\/lesofer.fr\/wp-content\/uploads\/2022\/05\/Man_maakt_thorarollen_achter_een_volle_werktafel_Bestanddeelnr_255-2343.jpg?resize=507%2C516&#038;ssl=1\" alt=\"r\u00e9paration tefilines\" class=\"wp-image-99\" srcset=\"https:\/\/i0.wp.com\/lesofer.fr\/wp-content\/uploads\/2022\/05\/Man_maakt_thorarollen_achter_een_volle_werktafel_Bestanddeelnr_255-2343.jpg?w=507&amp;ssl=1 507w, https:\/\/i0.wp.com\/lesofer.fr\/wp-content\/uploads\/2022\/05\/Man_maakt_thorarollen_achter_een_volle_werktafel_Bestanddeelnr_255-2343.jpg?resize=295%2C300&amp;ssl=1 295w, https:\/\/i0.wp.com\/lesofer.fr\/wp-content\/uploads\/2022\/05\/Man_maakt_thorarollen_achter_een_volle_werktafel_Bestanddeelnr_255-2343.jpg?resize=197%2C200&amp;ssl=1 197w\" sizes=\"auto, (max-width: 507px) 100vw, 507px\" \/><\/figure>\n\n\n\n<h3 class=\"wp-block-heading\"><strong>Les Tefilines sont tomb\u00e9es parterre ou ont re\u00e7ues un coup<\/strong><\/h3>\n\n\n\n<p>Dans un tel cas, il faut v\u00e9rifier que les bo\u00eetiers n\u2019aient subi aucun impact causant une d\u00e9formation. Il faudra alors v\u00e9rifier que tous les angles soient encore bien carr\u00e9s. Si un des angles s\u2019est arrondi, une r\u00e9paration est peut-\u00eatre n\u00e9cessaire. &nbsp;(<em>Shoulhan aroukh<\/em> 32, 39)<\/p>\n\n\n\n<h3 class=\"wp-block-heading\"><strong>Les Tefilines sont rentr\u00e9es en contact avec de l\u2019eau<\/strong><\/h3>\n\n\n\n<p>Dans ce cas, deux probl\u00e8mes sont possibles&nbsp;:<\/p>\n\n\n\n<p>-Que l\u2019ext\u00e9rieur du bo\u00eetier s\u2019ab\u00eeme&nbsp;<\/p>\n\n\n\n<p>-Que de l\u2019eau s\u2019infiltre \u00e0 l\u2019int\u00e9rieure et ab\u00eeme les parchemins et les textes \u00e9crits.<\/p>\n\n\n\n<p>C\u2019est pourquoi, dans ce cas, une v\u00e9rification aupr\u00e8s d\u2019un <em><em>maguiya<\/em> (Sofer v\u00e9rificateur)<\/em> est peut-\u00eatre n\u00e9cessaire. &nbsp;<\/p>\n\n\n\n<p>Attention\u00a0! Les <a href=\"https:\/\/lesofer.fr\/index.php\/category\/tefilines\/\">Tefilines<\/a> supportent tr\u00e8s mal l\u2019humidit\u00e9. Ainsi, il est fr\u00e9quent de voir des Tefilines qui commencent \u00e0 s\u2019ouvrir, se d\u00e9forment ou se courbent au niveau de leur base. Ceci \u00e0 cause d\u2019un mauvais entretien. Les porter alors que l\u2019on a les cheveux mouill\u00e9s ou encore avec du gel, peut parfois \u00e0 la longue causer ce type d\u2019effets\u2026<\/p>\n\n\n\n<p><strong>Tefilines tr\u00e8s anciennes<\/strong><\/p>\n\n\n\n<p>Il est recommand\u00e9 de faire v\u00e9rifier les T\u00e9filines si l\u2019on d\u00e9sire les utiliser.<\/p>\n\n\n\n<h2 class=\"wp-block-heading\">Bar Mitzva et Tefilines\u00a0: questions pratiques<\/h2>\n\n\n\n<figure class=\"wp-block-image size-full is-resized\"><img data-recalc-dims=\"1\" loading=\"lazy\" decoding=\"async\" src=\"https:\/\/i0.wp.com\/lesofer.fr\/wp-content\/uploads\/2022\/05\/1000_F_317444054_2WL2Vu2cWvNq8pF3EyidtzaGbnDUoUGg-1.jpg?resize=501%2C346&#038;ssl=1\" alt=\"tefilines\" class=\"wp-image-90\" width=\"501\" height=\"346\" srcset=\"https:\/\/i0.wp.com\/lesofer.fr\/wp-content\/uploads\/2022\/05\/1000_F_317444054_2WL2Vu2cWvNq8pF3EyidtzaGbnDUoUGg-1.jpg?w=965&amp;ssl=1 965w, https:\/\/i0.wp.com\/lesofer.fr\/wp-content\/uploads\/2022\/05\/1000_F_317444054_2WL2Vu2cWvNq8pF3EyidtzaGbnDUoUGg-1.jpg?resize=300%2C207&amp;ssl=1 300w, https:\/\/i0.wp.com\/lesofer.fr\/wp-content\/uploads\/2022\/05\/1000_F_317444054_2WL2Vu2cWvNq8pF3EyidtzaGbnDUoUGg-1.jpg?resize=768%2C531&amp;ssl=1 768w, https:\/\/i0.wp.com\/lesofer.fr\/wp-content\/uploads\/2022\/05\/1000_F_317444054_2WL2Vu2cWvNq8pF3EyidtzaGbnDUoUGg-1.jpg?resize=289%2C200&amp;ssl=1 289w\" sizes=\"auto, (max-width: 501px) 100vw, 501px\" \/><\/figure>\n\n\n\n<ul class=\"wp-block-list\">\n<li><strong>Bar Mitzva et T\u00e9filines<\/strong><\/li>\n<\/ul>\n\n\n\n<p>La Bar Mitzva (communion religieuse) repr\u00e9sente l\u2019\u00e2ge \u00e0 partir duquel un gar\u00e7on est consid\u00e9r\u00e9 comme responsable vis-\u00e0-vis de la loi juive. C\u2019est donc \u00e0 partir de son treizi\u00e8me anniversaire que les diff\u00e9rents commandements de la Torah s\u2019appliquent sur lui, et parmi eux, celui de mettre les <a href=\"https:\/\/lesofer.fr\/index.php\/category\/tefilines\/\">Tefilines<\/a>.<\/p>\n\n\n\n<ul class=\"wp-block-list\">\n<li><strong>Comment calculer l\u2019\u00e2ge de la Bar Mitzva ?<\/strong><\/li>\n<\/ul>\n\n\n\n<p>L\u2019\u00e2ge de la Bar Mitzva est \u00e0 calculer selon la date de naissance de l\u2019enfant du calendrier h\u00e9bra\u00efque. Il commencera \u00e0 mettre les Tefilines \u00e0 son treizi\u00e8me anniversaire. La date fran\u00e7aise ou la f\u00eate de la r\u00e9ception n\u2019indiquent en rien l\u2019\u00e2ge requis pour la Bar Mitzva (37,5).<\/p>\n\n\n\n<ul class=\"wp-block-list\">\n<li><strong>Je ne connais pas ma date de naissance h\u00e9bra\u00efque<\/strong>&#8230;<strong>je ne sais pas comment calculer le jour de ma Bar Mitzva<\/strong>.<\/li>\n<\/ul>\n\n\n\n<p><strong>\u00a0<\/strong>Si on ne conna\u00eet pas sa date de naissance h\u00e9bra\u00efque, on pourra la retrouver facilement via le lien suivant\u00a0: <a href=\"http:\/\/www.calj.net\/calcanniv%20\">http:\/\/www.calj.net\/calcanniv<\/a><\/p>\n\n\n\n<ul class=\"wp-block-list\">\n<li><strong>Un enfant Bar Mitzva qui met les Tefilines pour la premi\u00e8re fois, doit-il r\u00e9citer la b\u00e9n\u00e9diction de <em>sh\u00e9h\u00e9\u2019heyanou<\/em><\/strong><strong>&nbsp;<\/strong><strong>?<\/strong><\/li>\n<\/ul>\n\n\n\n<p>Un enfant Bar Mitzva qui met les <a href=\"https:\/\/ejudaica.fr\/categorie\/tefilines\/\">Tefilines<\/a> pour la premi\u00e8re fois de sa vie, n\u2019a pas \u00e0 r\u00e9citer la b\u00e9n\u00e9diction de <em>sh\u00e9h\u00e9\u2019heyanou<\/em>. (37, 6)<\/p>\n\n\n\n<ul class=\"wp-block-list\">\n<li><strong>Se pr\u00e9parer \u00e0 mettre les Tefilines avant l\u2019\u00e2ge de la Bar Mitzva<\/strong><\/li>\n<\/ul>\n\n\n\n<p>Certains ont l\u2019habitude de s\u2019entra\u00eener ou m\u00eame de commencer \u00e0 mettre les <a href=\"https:\/\/lesofer.fr\/index.php\/category\/tefilines\/\">Tefilines<\/a> avant l\u2019\u00e2ge de la Bar Mitzva. Les coutumes vont de quelques jours avant, \u00e0 deux mois pour les ashk\u00e9nazes. Ou encore un an ou deux ans pour certains s\u00e9farades.<\/p>\n\n\n\n<p>Bien que n&rsquo;\u00e9tant pas encore Bar Mitzva, l\u2019enfant pourra les mettre avec b\u00e9n\u00e9diction. Car cela fait aussi partie de l\u2019entra\u00eenement (37, 1-2).<\/p>\n\n\n\n<h2 class=\"wp-block-heading\">Autres\u00a0questions pratiques sur les tefilines:<\/h2>\n\n\n\n<h3 class=\"wp-block-heading\">R\u00e9cite-t-on la b\u00e9n\u00e9diction de Sh\u00e9h\u00e9\u2019heyanou sur de nouvelles Tefilines\u00a0?<\/h3>\n\n\n\n<p>Non. Il n\u2019y a pas lieu de r\u00e9citer la b\u00e9n\u00e9diction de <em>sh\u00e9h\u00e9\u2019heyanou<\/em> sur de nouvelles <a href=\"https:\/\/lesofer.fr\/index.php\/category\/tefilines\/\">Tefilines<\/a> (37, 7).<\/p>\n\n\n\n<h3 class=\"wp-block-heading\">T\u00e9filines Ashk\u00e9naz pour un s\u00e9farade et inversement<\/h3>\n\n\n\n<p>Deux probl\u00e8mes sont possibles. La diff\u00e9rence d\u2019\u00e9criture (<em>tsourat haketiva<\/em>) et la disposition des paragraphes au sein des parchemins (<em>parachiot petou\u2019hot<\/em> et <em>setoumot<\/em>). Concernant l\u2019\u00e9criture un <em>sefarade<\/em> peut mettre des Tefilines <em>ashkenazes<\/em>. Cependant concernant les parchemins, s&rsquo;ils ne respectent pas la dispositions des sections tel que le requiert le Maran, cela pourra \u00eatre un probl\u00e8me cons\u00e9quent. 32,67 \u00a0<\/p>\n\n\n\n<h3 class=\"wp-block-heading\">Quelle diff\u00e9rence y at-il entre des Tefilines de Rachi et celles de Rabb\u00e9nou Tam\u00a0?<\/h3>\n\n\n\n<p>Dans chacun des boitiers sont \u00e9crites quatre sections de la Torah. A la diff\u00e9rence que pour les Tefilines de la t\u00eate chacune est \u00e9crite sur un parchemin diff\u00e9rent. Alors que pour les Tefilines du bras, toutes sont \u00e9crites sur un seul parchemin.<\/p>\n\n\n\n<p>Ce qui diff\u00e8re entre les <a href=\"https:\/\/lesofer.fr\/index.php\/category\/tefilines\/\">Tefilines<\/a> de Rachi et celles de Rabenou tam se situe au niveau de la disposition des sections. Dans le parchemin du <em>Yad<\/em> et dans les compartiments du <em>Roch<\/em>. L&rsquo;ordre de celles de Rachi est : Kadesh, Vehaya, Shema puis Vehaya im chamoa. Alors que pour celles de Rabenou Tam l&rsquo;ordre est : Kadesh, Vehaya, Vehaya im chamoa puis Shema. <\/p>\n\n\n\n<p>Selon le <em>Shoulkhan Aroukh<\/em>, la coutume est de suivre l&rsquo;avis de Rachi (qui est \u00e9galement celui de Rambam).<\/p>\n\n\n\n<figure class=\"wp-block-image size-full\"><img data-recalc-dims=\"1\" loading=\"lazy\" decoding=\"async\" width=\"195\" height=\"256\" src=\"https:\/\/i0.wp.com\/lesofer.fr\/wp-content\/uploads\/2022\/05\/tf002.jpg?resize=195%2C256&#038;ssl=1\" alt=\"parchemins de tefilines\" class=\"wp-image-100\" srcset=\"https:\/\/i0.wp.com\/lesofer.fr\/wp-content\/uploads\/2022\/05\/tf002.jpg?w=195&amp;ssl=1 195w, https:\/\/i0.wp.com\/lesofer.fr\/wp-content\/uploads\/2022\/05\/tf002.jpg?resize=152%2C200&amp;ssl=1 152w\" sizes=\"auto, (max-width: 195px) 100vw, 195px\" \/><\/figure>\n\n\n\n<h3 class=\"wp-block-heading\">Mettre les Tefilines le jour de Chabbat et Yom tov \u00a0?<\/h3>\n\n\n\n<p>Il est interdit de mettre les Tefilines le jour du Shabbat et de Yom tov (<em>Shoulkhan Aroukh<\/em> 31, 1) (25,3)<\/p>\n\n\n\n<h3 class=\"wp-block-heading\">Quand mettre les Tefilines le jour du je\u00fbne du 9 av (ticha beav)\u00a0?<\/h3>\n\n\n\n<p>Le <em>Shoulkhan Aroukh<\/em> rapporte que la coutume est de ne pas mettre les <a href=\"https:\/\/lesofer.fr\/index.php\/category\/tefilines\/\">Tefilines<\/a> le matin m\u00eame du je\u00fbne du 9 Av. Mais de les mettre en apr\u00e8s-midi \u00e0 la pri\u00e8re de Minha (<em>Shoulkhan Aroukh<\/em> 555, 1).<\/p>\n\n\n\n<h3 class=\"wp-block-heading\">Les T\u00e9filines \u00e0 Hol Ha-Mo\u2019\u00e8d<\/h3>\n\n\n\n<p>Selon le Choulhan Aroukh, il est interdit de mettre les Tefilines les jours de Hol Hamoed. Mais le Rama rapporte un avis contraire. C\u2019est pourquoi, certains les mettent mais s\u2019abstiennent de r\u00e9citer la b\u00e9n\u00e9diction du fait de cette controverse.<\/p>\n\n\n\n<h3 class=\"wp-block-heading\">Faut-il mettre les Tefilines les jours de f\u00eate\u00a0?<\/h3>\n\n\n\n<p>Les jours de Yom tov, il est interdit selon tout le monde de mettre les Tephilines. Concernant les jours de Hol Hamoed (demi-f\u00eate), la question est soumise \u00e0 controverse.<\/p>\n","protected":false},"excerpt":{"rendered":"<p>Recueil de lois concernant diverses questions de Halacha sur les Tefilines selon Maran Rav Ovadia Yossef Zal L\u2019objectif ici pr\u00e9sent est de mettre par \u00e9crit sous la&hellip; <span class=\"read-more\"><a class=\"more-link\" href=\"https:\/\/lesofer.fr\/index.php\/2022\/05\/31\/questions-pratiques-les-tefilines\/\" rel=\"bookmark\">Lire la suite de <span class=\"screen-reader-text\">\u00ab\u00a0LES TEFILINES : QUESTIONS PRATIQUES\u00a0\u00bb<\/span><\/a><\/span><\/p>\n","protected":false},"author":1,"featured_media":0,"comment_status":"open","ping_status":"open","sticky":false,"template":"","format":"standard","meta":{"om_disable_all_campaigns":false,"_monsterinsights_skip_tracking":false,"_monsterinsights_sitenote_active":false,"_monsterinsights_sitenote_note":"","_monsterinsights_sitenote_category":0,"_jetpack_memberships_contains_paid_content":false,"footnotes":""},"categories":[1],"tags":[],"class_list":["post-83","post","type-post","status-publish","format-standard","hentry","category-tefilines"],"yoast_head":"<!-- This site is optimized with the Yoast SEO plugin v27.5 - https:\/\/yoast.com\/product\/yoast-seo-wordpress\/ -->\n<title>LES TEFILINES : QUESTIONS PRATIQUES - Le Sofer<\/title>\n<meta name=\"description\" content=\"Toutes vos questions sur les Tefilines. Comment mettre les Tefilines\u00a0? Quand v\u00e9rifier ses Tefilins ? Me Bar Mitsvah et ses Tefilines.\" \/>\n<meta name=\"robots\" content=\"index, follow, max-snippet:-1, max-image-preview:large, max-video-preview:-1\" \/>\n<link rel=\"canonical\" href=\"https:\/\/lesofer.fr\/index.php\/2022\/05\/31\/questions-pratiques-les-tefilines\/\" \/>\n<meta property=\"og:locale\" content=\"fr_FR\" \/>\n<meta property=\"og:type\" content=\"article\" \/>\n<meta property=\"og:title\" content=\"LES TEFILINES : QUESTIONS PRATIQUES - Le Sofer\" \/>\n<meta property=\"og:description\" content=\"Toutes vos questions sur les Tefilines. Comment mettre les Tefilines\u00a0? Quand v\u00e9rifier ses Tefilins ? Me Bar Mitsvah et ses Tefilines.\" \/>\n<meta property=\"og:url\" content=\"https:\/\/lesofer.fr\/index.php\/2022\/05\/31\/questions-pratiques-les-tefilines\/\" \/>\n<meta property=\"og:site_name\" content=\"Le Sofer\" \/>\n<meta property=\"article:published_time\" content=\"2022-05-31T15:35:10+00:00\" \/>\n<meta property=\"article:modified_time\" content=\"2023-08-22T12:27:00+00:00\" \/>\n<meta property=\"og:image\" content=\"https:\/\/lesofer.fr\/wp-content\/uploads\/2022\/05\/tefillin_PNG1.png\" \/>\n<meta name=\"author\" content=\"lubetzki\" \/>\n<meta name=\"twitter:card\" content=\"summary_large_image\" \/>\n<meta name=\"twitter:label1\" content=\"\u00c9crit par\" \/>\n\t<meta name=\"twitter:data1\" content=\"lubetzki\" \/>\n\t<meta name=\"twitter:label2\" content=\"Dur\u00e9e de lecture estim\u00e9e\" \/>\n\t<meta name=\"twitter:data2\" content=\"15 minutes\" \/>\n<script type=\"application\/ld+json\" class=\"yoast-schema-graph\">{\"@context\":\"https:\\\/\\\/schema.org\",\"@graph\":[{\"@type\":\"Article\",\"@id\":\"https:\\\/\\\/lesofer.fr\\\/index.php\\\/2022\\\/05\\\/31\\\/questions-pratiques-les-tefilines\\\/#article\",\"isPartOf\":{\"@id\":\"https:\\\/\\\/lesofer.fr\\\/index.php\\\/2022\\\/05\\\/31\\\/questions-pratiques-les-tefilines\\\/\"},\"author\":{\"name\":\"lubetzki\",\"@id\":\"https:\\\/\\\/lesofer.fr\\\/#\\\/schema\\\/person\\\/d20cc928793cea70224837b5bb7d18dd\"},\"headline\":\"LES TEFILINES : QUESTIONS PRATIQUES\",\"datePublished\":\"2022-05-31T15:35:10+00:00\",\"dateModified\":\"2023-08-22T12:27:00+00:00\",\"mainEntityOfPage\":{\"@id\":\"https:\\\/\\\/lesofer.fr\\\/index.php\\\/2022\\\/05\\\/31\\\/questions-pratiques-les-tefilines\\\/\"},\"wordCount\":2913,\"commentCount\":2,\"image\":{\"@id\":\"https:\\\/\\\/lesofer.fr\\\/index.php\\\/2022\\\/05\\\/31\\\/questions-pratiques-les-tefilines\\\/#primaryimage\"},\"thumbnailUrl\":\"https:\\\/\\\/lesofer.fr\\\/wp-content\\\/uploads\\\/2022\\\/05\\\/tefillin_PNG1.png\",\"articleSection\":[\"Tefilines\"],\"inLanguage\":\"fr-FR\",\"potentialAction\":[{\"@type\":\"CommentAction\",\"name\":\"Comment\",\"target\":[\"https:\\\/\\\/lesofer.fr\\\/index.php\\\/2022\\\/05\\\/31\\\/questions-pratiques-les-tefilines\\\/#respond\"]}]},{\"@type\":\"WebPage\",\"@id\":\"https:\\\/\\\/lesofer.fr\\\/index.php\\\/2022\\\/05\\\/31\\\/questions-pratiques-les-tefilines\\\/\",\"url\":\"https:\\\/\\\/lesofer.fr\\\/index.php\\\/2022\\\/05\\\/31\\\/questions-pratiques-les-tefilines\\\/\",\"name\":\"LES TEFILINES : QUESTIONS PRATIQUES - Le Sofer\",\"isPartOf\":{\"@id\":\"https:\\\/\\\/lesofer.fr\\\/#website\"},\"primaryImageOfPage\":{\"@id\":\"https:\\\/\\\/lesofer.fr\\\/index.php\\\/2022\\\/05\\\/31\\\/questions-pratiques-les-tefilines\\\/#primaryimage\"},\"image\":{\"@id\":\"https:\\\/\\\/lesofer.fr\\\/index.php\\\/2022\\\/05\\\/31\\\/questions-pratiques-les-tefilines\\\/#primaryimage\"},\"thumbnailUrl\":\"https:\\\/\\\/lesofer.fr\\\/wp-content\\\/uploads\\\/2022\\\/05\\\/tefillin_PNG1.png\",\"datePublished\":\"2022-05-31T15:35:10+00:00\",\"dateModified\":\"2023-08-22T12:27:00+00:00\",\"author\":{\"@id\":\"https:\\\/\\\/lesofer.fr\\\/#\\\/schema\\\/person\\\/d20cc928793cea70224837b5bb7d18dd\"},\"description\":\"Toutes vos questions sur les Tefilines. Comment mettre les Tefilines\u00a0? Quand v\u00e9rifier ses Tefilins ? Me Bar Mitsvah et ses Tefilines.\",\"breadcrumb\":{\"@id\":\"https:\\\/\\\/lesofer.fr\\\/index.php\\\/2022\\\/05\\\/31\\\/questions-pratiques-les-tefilines\\\/#breadcrumb\"},\"inLanguage\":\"fr-FR\",\"potentialAction\":[{\"@type\":\"ReadAction\",\"target\":[\"https:\\\/\\\/lesofer.fr\\\/index.php\\\/2022\\\/05\\\/31\\\/questions-pratiques-les-tefilines\\\/\"]}]},{\"@type\":\"ImageObject\",\"inLanguage\":\"fr-FR\",\"@id\":\"https:\\\/\\\/lesofer.fr\\\/index.php\\\/2022\\\/05\\\/31\\\/questions-pratiques-les-tefilines\\\/#primaryimage\",\"url\":\"https:\\\/\\\/lesofer.fr\\\/wp-content\\\/uploads\\\/2022\\\/05\\\/tefillin_PNG1.png\",\"contentUrl\":\"https:\\\/\\\/lesofer.fr\\\/wp-content\\\/uploads\\\/2022\\\/05\\\/tefillin_PNG1.png\"},{\"@type\":\"BreadcrumbList\",\"@id\":\"https:\\\/\\\/lesofer.fr\\\/index.php\\\/2022\\\/05\\\/31\\\/questions-pratiques-les-tefilines\\\/#breadcrumb\",\"itemListElement\":[{\"@type\":\"ListItem\",\"position\":1,\"name\":\"Accueil\",\"item\":\"https:\\\/\\\/lesofer.fr\\\/\"},{\"@type\":\"ListItem\",\"position\":2,\"name\":\"LES TEFILINES : QUESTIONS PRATIQUES\"}]},{\"@type\":\"WebSite\",\"@id\":\"https:\\\/\\\/lesofer.fr\\\/#website\",\"url\":\"https:\\\/\\\/lesofer.fr\\\/\",\"name\":\"Le Sofer\",\"description\":\"Recueil de lois sur Tefilines et Mezouza\",\"potentialAction\":[{\"@type\":\"SearchAction\",\"target\":{\"@type\":\"EntryPoint\",\"urlTemplate\":\"https:\\\/\\\/lesofer.fr\\\/?s={search_term_string}\"},\"query-input\":{\"@type\":\"PropertyValueSpecification\",\"valueRequired\":true,\"valueName\":\"search_term_string\"}}],\"inLanguage\":\"fr-FR\"},{\"@type\":\"Person\",\"@id\":\"https:\\\/\\\/lesofer.fr\\\/#\\\/schema\\\/person\\\/d20cc928793cea70224837b5bb7d18dd\",\"name\":\"lubetzki\",\"image\":{\"@type\":\"ImageObject\",\"inLanguage\":\"fr-FR\",\"@id\":\"https:\\\/\\\/secure.gravatar.com\\\/avatar\\\/9acc295359b830957838e7bb7dffe094da6db6779ea9bc46cbc782e9d355e0e7?s=96&d=mm&r=g\",\"url\":\"https:\\\/\\\/secure.gravatar.com\\\/avatar\\\/9acc295359b830957838e7bb7dffe094da6db6779ea9bc46cbc782e9d355e0e7?s=96&d=mm&r=g\",\"contentUrl\":\"https:\\\/\\\/secure.gravatar.com\\\/avatar\\\/9acc295359b830957838e7bb7dffe094da6db6779ea9bc46cbc782e9d355e0e7?s=96&d=mm&r=g\",\"caption\":\"lubetzki\"},\"sameAs\":[\"http:\\\/\\\/lesofer.fr\"],\"url\":\"https:\\\/\\\/lesofer.fr\\\/index.php\\\/author\\\/lubetzki\\\/\"}]}<\/script>\n<!-- \/ Yoast SEO plugin. -->","yoast_head_json":{"title":"LES TEFILINES : QUESTIONS PRATIQUES - Le Sofer","description":"Toutes vos questions sur les Tefilines. Comment mettre les Tefilines\u00a0? Quand v\u00e9rifier ses Tefilins ? Me Bar Mitsvah et ses Tefilines.","robots":{"index":"index","follow":"follow","max-snippet":"max-snippet:-1","max-image-preview":"max-image-preview:large","max-video-preview":"max-video-preview:-1"},"canonical":"https:\/\/lesofer.fr\/index.php\/2022\/05\/31\/questions-pratiques-les-tefilines\/","og_locale":"fr_FR","og_type":"article","og_title":"LES TEFILINES : QUESTIONS PRATIQUES - Le Sofer","og_description":"Toutes vos questions sur les Tefilines. Comment mettre les Tefilines\u00a0? Quand v\u00e9rifier ses Tefilins ? Me Bar Mitsvah et ses Tefilines.","og_url":"https:\/\/lesofer.fr\/index.php\/2022\/05\/31\/questions-pratiques-les-tefilines\/","og_site_name":"Le Sofer","article_published_time":"2022-05-31T15:35:10+00:00","article_modified_time":"2023-08-22T12:27:00+00:00","og_image":[{"url":"https:\/\/lesofer.fr\/wp-content\/uploads\/2022\/05\/tefillin_PNG1.png","type":"","width":"","height":""}],"author":"lubetzki","twitter_card":"summary_large_image","twitter_misc":{"\u00c9crit par":"lubetzki","Dur\u00e9e de lecture estim\u00e9e":"15 minutes"},"schema":{"@context":"https:\/\/schema.org","@graph":[{"@type":"Article","@id":"https:\/\/lesofer.fr\/index.php\/2022\/05\/31\/questions-pratiques-les-tefilines\/#article","isPartOf":{"@id":"https:\/\/lesofer.fr\/index.php\/2022\/05\/31\/questions-pratiques-les-tefilines\/"},"author":{"name":"lubetzki","@id":"https:\/\/lesofer.fr\/#\/schema\/person\/d20cc928793cea70224837b5bb7d18dd"},"headline":"LES TEFILINES : QUESTIONS PRATIQUES","datePublished":"2022-05-31T15:35:10+00:00","dateModified":"2023-08-22T12:27:00+00:00","mainEntityOfPage":{"@id":"https:\/\/lesofer.fr\/index.php\/2022\/05\/31\/questions-pratiques-les-tefilines\/"},"wordCount":2913,"commentCount":2,"image":{"@id":"https:\/\/lesofer.fr\/index.php\/2022\/05\/31\/questions-pratiques-les-tefilines\/#primaryimage"},"thumbnailUrl":"https:\/\/lesofer.fr\/wp-content\/uploads\/2022\/05\/tefillin_PNG1.png","articleSection":["Tefilines"],"inLanguage":"fr-FR","potentialAction":[{"@type":"CommentAction","name":"Comment","target":["https:\/\/lesofer.fr\/index.php\/2022\/05\/31\/questions-pratiques-les-tefilines\/#respond"]}]},{"@type":"WebPage","@id":"https:\/\/lesofer.fr\/index.php\/2022\/05\/31\/questions-pratiques-les-tefilines\/","url":"https:\/\/lesofer.fr\/index.php\/2022\/05\/31\/questions-pratiques-les-tefilines\/","name":"LES TEFILINES : QUESTIONS PRATIQUES - Le Sofer","isPartOf":{"@id":"https:\/\/lesofer.fr\/#website"},"primaryImageOfPage":{"@id":"https:\/\/lesofer.fr\/index.php\/2022\/05\/31\/questions-pratiques-les-tefilines\/#primaryimage"},"image":{"@id":"https:\/\/lesofer.fr\/index.php\/2022\/05\/31\/questions-pratiques-les-tefilines\/#primaryimage"},"thumbnailUrl":"https:\/\/lesofer.fr\/wp-content\/uploads\/2022\/05\/tefillin_PNG1.png","datePublished":"2022-05-31T15:35:10+00:00","dateModified":"2023-08-22T12:27:00+00:00","author":{"@id":"https:\/\/lesofer.fr\/#\/schema\/person\/d20cc928793cea70224837b5bb7d18dd"},"description":"Toutes vos questions sur les Tefilines. Comment mettre les Tefilines\u00a0? Quand v\u00e9rifier ses Tefilins ? Me Bar Mitsvah et ses Tefilines.","breadcrumb":{"@id":"https:\/\/lesofer.fr\/index.php\/2022\/05\/31\/questions-pratiques-les-tefilines\/#breadcrumb"},"inLanguage":"fr-FR","potentialAction":[{"@type":"ReadAction","target":["https:\/\/lesofer.fr\/index.php\/2022\/05\/31\/questions-pratiques-les-tefilines\/"]}]},{"@type":"ImageObject","inLanguage":"fr-FR","@id":"https:\/\/lesofer.fr\/index.php\/2022\/05\/31\/questions-pratiques-les-tefilines\/#primaryimage","url":"https:\/\/lesofer.fr\/wp-content\/uploads\/2022\/05\/tefillin_PNG1.png","contentUrl":"https:\/\/lesofer.fr\/wp-content\/uploads\/2022\/05\/tefillin_PNG1.png"},{"@type":"BreadcrumbList","@id":"https:\/\/lesofer.fr\/index.php\/2022\/05\/31\/questions-pratiques-les-tefilines\/#breadcrumb","itemListElement":[{"@type":"ListItem","position":1,"name":"Accueil","item":"https:\/\/lesofer.fr\/"},{"@type":"ListItem","position":2,"name":"LES TEFILINES : QUESTIONS PRATIQUES"}]},{"@type":"WebSite","@id":"https:\/\/lesofer.fr\/#website","url":"https:\/\/lesofer.fr\/","name":"Le Sofer","description":"Recueil de lois sur Tefilines et Mezouza","potentialAction":[{"@type":"SearchAction","target":{"@type":"EntryPoint","urlTemplate":"https:\/\/lesofer.fr\/?s={search_term_string}"},"query-input":{"@type":"PropertyValueSpecification","valueRequired":true,"valueName":"search_term_string"}}],"inLanguage":"fr-FR"},{"@type":"Person","@id":"https:\/\/lesofer.fr\/#\/schema\/person\/d20cc928793cea70224837b5bb7d18dd","name":"lubetzki","image":{"@type":"ImageObject","inLanguage":"fr-FR","@id":"https:\/\/secure.gravatar.com\/avatar\/9acc295359b830957838e7bb7dffe094da6db6779ea9bc46cbc782e9d355e0e7?s=96&d=mm&r=g","url":"https:\/\/secure.gravatar.com\/avatar\/9acc295359b830957838e7bb7dffe094da6db6779ea9bc46cbc782e9d355e0e7?s=96&d=mm&r=g","contentUrl":"https:\/\/secure.gravatar.com\/avatar\/9acc295359b830957838e7bb7dffe094da6db6779ea9bc46cbc782e9d355e0e7?s=96&d=mm&r=g","caption":"lubetzki"},"sameAs":["http:\/\/lesofer.fr"],"url":"https:\/\/lesofer.fr\/index.php\/author\/lubetzki\/"}]}},"jetpack_featured_media_url":"","jetpack-related-posts":[],"jetpack_sharing_enabled":true,"_links":{"self":[{"href":"https:\/\/lesofer.fr\/index.php\/wp-json\/wp\/v2\/posts\/83","targetHints":{"allow":["GET"]}}],"collection":[{"href":"https:\/\/lesofer.fr\/index.php\/wp-json\/wp\/v2\/posts"}],"about":[{"href":"https:\/\/lesofer.fr\/index.php\/wp-json\/wp\/v2\/types\/post"}],"author":[{"embeddable":true,"href":"https:\/\/lesofer.fr\/index.php\/wp-json\/wp\/v2\/users\/1"}],"replies":[{"embeddable":true,"href":"https:\/\/lesofer.fr\/index.php\/wp-json\/wp\/v2\/comments?post=83"}],"version-history":[{"count":42,"href":"https:\/\/lesofer.fr\/index.php\/wp-json\/wp\/v2\/posts\/83\/revisions"}],"predecessor-version":[{"id":340,"href":"https:\/\/lesofer.fr\/index.php\/wp-json\/wp\/v2\/posts\/83\/revisions\/340"}],"wp:attachment":[{"href":"https:\/\/lesofer.fr\/index.php\/wp-json\/wp\/v2\/media?parent=83"}],"wp:term":[{"taxonomy":"category","embeddable":true,"href":"https:\/\/lesofer.fr\/index.php\/wp-json\/wp\/v2\/categories?post=83"},{"taxonomy":"post_tag","embeddable":true,"href":"https:\/\/lesofer.fr\/index.php\/wp-json\/wp\/v2\/tags?post=83"}],"curies":[{"name":"wp","href":"https:\/\/api.w.org\/{rel}","templated":true}]}}